{"id":705,"date":"2021-04-05T20:40:46","date_gmt":"2021-04-05T19:40:46","guid":{"rendered":"https:\/\/www.lanationcitoyenne.fr\/?p=705"},"modified":"2024-02-17T12:57:46","modified_gmt":"2024-02-17T11:57:46","slug":"les-francais-sentent-le-pays-se-deliter","status":"publish","type":"post","link":"https:\/\/www.lanationcitoyenne.fr\/?p=705","title":{"rendered":"Les Fran\u00e7ais sentent le pays se d\u00e9liter"},"content":{"rendered":"\t\t<div data-elementor-type=\"wp-post\" data-elementor-id=\"705\" class=\"elementor elementor-705\">\n\t\t\t\t\t\t<section class=\"elementor-section elementor-top-section elementor-element elementor-element-1d978c1 elementor-section-boxed elementor-section-height-default elementor-section-height-default\" data-id=\"1d978c1\" data-element_type=\"section\" data-e-type=\"section\">\n\t\t\t\t\t\t<div class=\"elementor-container elementor-column-gap-default\">\n\t\t\t\t\t<div class=\"elementor-column elementor-col-100 elementor-top-column elementor-element elementor-element-7d43b28\" data-id=\"7d43b28\" data-element_type=\"column\" data-e-type=\"column\">\n\t\t\t<div class=\"elementor-widget-wrap elementor-element-populated\">\n\t\t\t\t\t\t<div class=\"elementor-element elementor-element-6b570a8 elementor-widget elementor-widget-heading\" data-id=\"6b570a8\" data-element_type=\"widget\" data-e-type=\"widget\" data-widget_type=\"heading.default\">\n\t\t\t\t<div class=\"elementor-widget-container\">\n\t\t\t\t\t<h2 class=\"elementor-heading-title elementor-size-default\">\u00ab Les Fran\u00e7ais sentent le pays se d\u00e9liter \u00bb <\/h2>\t\t\t\t<\/div>\n\t\t\t\t<\/div>\n\t\t\t\t\t<\/div>\n\t\t<\/div>\n\t\t\t\t\t<\/div>\n\t\t<\/section>\n\t\t\t\t<section class=\"elementor-section elementor-top-section elementor-element elementor-element-c38d4a5 elementor-section-boxed elementor-section-height-default elementor-section-height-default\" data-id=\"c38d4a5\" data-element_type=\"section\" data-e-type=\"section\">\n\t\t\t\t\t\t<div class=\"elementor-container elementor-column-gap-default\">\n\t\t\t\t\t<div class=\"elementor-column elementor-col-100 elementor-top-column elementor-element elementor-element-28a3ae4\" data-id=\"28a3ae4\" data-element_type=\"column\" data-e-type=\"column\">\n\t\t\t<div class=\"elementor-widget-wrap elementor-element-populated\">\n\t\t\t\t\t\t<section class=\"elementor-section elementor-inner-section elementor-element elementor-element-ecaf305 elementor-section-boxed elementor-section-height-default elementor-section-height-default\" data-id=\"ecaf305\" data-element_type=\"section\" data-e-type=\"section\">\n\t\t\t\t\t\t<div class=\"elementor-container elementor-column-gap-default\">\n\t\t\t\t\t<div class=\"elementor-column elementor-col-50 elementor-inner-column elementor-element elementor-element-a460204\" data-id=\"a460204\" data-element_type=\"column\" data-e-type=\"column\">\n\t\t\t<div class=\"elementor-widget-wrap elementor-element-populated\">\n\t\t\t\t\t\t<div class=\"elementor-element elementor-element-1fa4b61 elementor-widget elementor-widget-image\" data-id=\"1fa4b61\" data-element_type=\"widget\" data-e-type=\"widget\" data-widget_type=\"image.default\">\n\t\t\t\t<div class=\"elementor-widget-container\">\n\t\t\t\t\t\t\t\t\t\t\t\t\t\t\t<img decoding=\"async\" width=\"275\" height=\"50\" src=\"https:\/\/www.lanationcitoyenne.fr\/wp-content\/uploads\/2021\/04\/Capture-decran-2021-04-05-212441.png\" class=\"attachment-full size-full wp-image-704\" alt=\"\" \/>\t\t\t\t\t\t\t\t\t\t\t\t\t\t\t<\/div>\n\t\t\t\t<\/div>\n\t\t\t\t\t<\/div>\n\t\t<\/div>\n\t\t\t\t<div class=\"elementor-column elementor-col-50 elementor-inner-column elementor-element elementor-element-e6e54ea\" data-id=\"e6e54ea\" data-element_type=\"column\" data-e-type=\"column\">\n\t\t\t<div class=\"elementor-widget-wrap elementor-element-populated\">\n\t\t\t\t\t\t<div class=\"elementor-element elementor-element-66ebdfa elementor-widget elementor-widget-text-editor\" data-id=\"66ebdfa\" data-element_type=\"widget\" data-e-type=\"widget\" data-widget_type=\"text-editor.default\">\n\t\t\t\t<div class=\"elementor-widget-container\">\n\t\t\t\t\t\t\t\t\t<p>FIGAROVOX\/TRIBUNE &#8211; Pour le pr\u00e9sident de l\u2019association \u00abLa nation citoyenne\u00bb, Claude Nicolet, le cycle n\u00e9olib\u00e9ral incarn\u00e9 par l\u2019Union europ\u00e9enne a provoqu\u00e9 une perte de souverainet\u00e9 et de multiples fractures au sein de la nation. Il appelle \u00e0 une \u00abrefondation r\u00e9publicaine\u00bb pour que la France reprenne en main son destin.<\/p><p>Par\u00a0Claude Nicolet &#8211; Publi\u00e9 le 01\/04\/2021<\/p>\t\t\t\t\t\t\t\t<\/div>\n\t\t\t\t<\/div>\n\t\t\t\t\t<\/div>\n\t\t<\/div>\n\t\t\t\t\t<\/div>\n\t\t<\/section>\n\t\t\t\t\t<\/div>\n\t\t<\/div>\n\t\t\t\t\t<\/div>\n\t\t<\/section>\n\t\t\t\t<section class=\"elementor-section elementor-top-section elementor-element elementor-element-72c6b01 elementor-section-boxed elementor-section-height-default elementor-section-height-default\" data-id=\"72c6b01\" data-element_type=\"section\" data-e-type=\"section\">\n\t\t\t\t\t\t<div class=\"elementor-container elementor-column-gap-default\">\n\t\t\t\t\t<div class=\"elementor-column elementor-col-100 elementor-top-column elementor-element elementor-element-a07b048\" data-id=\"a07b048\" data-element_type=\"column\" data-e-type=\"column\">\n\t\t\t<div class=\"elementor-widget-wrap elementor-element-populated\">\n\t\t\t\t\t\t<div class=\"elementor-element elementor-element-619cae1 elementor-widget elementor-widget-image\" data-id=\"619cae1\" data-element_type=\"widget\" data-e-type=\"widget\" data-widget_type=\"image.default\">\n\t\t\t\t<div class=\"elementor-widget-container\">\n\t\t\t\t\t\t\t\t\t\t\t\t\t\t\t<img fetchpriority=\"high\" decoding=\"async\" width=\"621\" height=\"349\" src=\"https:\/\/www.lanationcitoyenne.fr\/wp-content\/uploads\/2021\/04\/Capture-decran-2021-04-05-212241.png\" class=\"attachment-large size-large wp-image-703\" alt=\"\" srcset=\"https:\/\/www.lanationcitoyenne.fr\/wp-content\/uploads\/2021\/04\/Capture-decran-2021-04-05-212241.png 621w, https:\/\/www.lanationcitoyenne.fr\/wp-content\/uploads\/2021\/04\/Capture-decran-2021-04-05-212241-300x169.png 300w, https:\/\/www.lanationcitoyenne.fr\/wp-content\/uploads\/2021\/04\/Capture-decran-2021-04-05-212241-107x60.png 107w\" sizes=\"(max-width: 621px) 100vw, 621px\" \/>\t\t\t\t\t\t\t\t\t\t\t\t\t\t\t<\/div>\n\t\t\t\t<\/div>\n\t\t\t\t\t<\/div>\n\t\t<\/div>\n\t\t\t\t\t<\/div>\n\t\t<\/section>\n\t\t\t\t<section class=\"elementor-section elementor-top-section elementor-element elementor-element-5cd378e elementor-section-boxed elementor-section-height-default elementor-section-height-default\" data-id=\"5cd378e\" data-element_type=\"section\" data-e-type=\"section\">\n\t\t\t\t\t\t<div class=\"elementor-container elementor-column-gap-default\">\n\t\t\t\t\t<div class=\"elementor-column elementor-col-100 elementor-top-column elementor-element elementor-element-fcf611b\" data-id=\"fcf611b\" data-element_type=\"column\" data-e-type=\"column\">\n\t\t\t<div class=\"elementor-widget-wrap elementor-element-populated\">\n\t\t\t\t\t\t<div class=\"elementor-element elementor-element-34598c7 elementor-widget elementor-widget-text-editor\" data-id=\"34598c7\" data-element_type=\"widget\" data-e-type=\"widget\" data-widget_type=\"text-editor.default\">\n\t\t\t\t<div class=\"elementor-widget-container\">\n\t\t\t\t\t\t\t\t\t<p>\u00abCe champ de ruines d\u00e9mocratiques et politiques nous pouvons en mesurer les d\u00e9g\u00e2ts chaque jour qui passe\u00bb. Libre de droits.<br \/><em>Claude Nicolet est pr\u00e9sident de la Nation citoyenne.<\/em><\/p>\t\t\t\t\t\t\t\t<\/div>\n\t\t\t\t<\/div>\n\t\t\t\t\t<\/div>\n\t\t<\/div>\n\t\t\t\t\t<\/div>\n\t\t<\/section>\n\t\t\t\t<section class=\"elementor-section elementor-top-section elementor-element elementor-element-05eef48 elementor-section-boxed elementor-section-height-default elementor-section-height-default\" data-id=\"05eef48\" data-element_type=\"section\" data-e-type=\"section\">\n\t\t\t\t\t\t<div class=\"elementor-container elementor-column-gap-default\">\n\t\t\t\t\t<div class=\"elementor-column elementor-col-100 elementor-top-column elementor-element elementor-element-cdd7350\" data-id=\"cdd7350\" data-element_type=\"column\" data-e-type=\"column\">\n\t\t\t<div class=\"elementor-widget-wrap elementor-element-populated\">\n\t\t\t\t\t\t<div class=\"elementor-element elementor-element-1b3c25a elementor-widget elementor-widget-text-editor\" data-id=\"1b3c25a\" data-element_type=\"widget\" data-e-type=\"widget\" data-widget_type=\"text-editor.default\">\n\t\t\t\t<div class=\"elementor-widget-container\">\n\t\t\t\t\t\t\t\t\t<p>La crois\u00e9e des chemins: expression tellement utilis\u00e9e qu\u2019il n\u2019est pas impossible qu\u2019elle en ait perdu toute signification. Et pourtant&#8230; il n\u2019est pas totalement ill\u00e9gitime de penser que nous y sommes.<\/p><p>Les fractures politiques, \u00e9conomiques, culturelles, identitaires, sociales que certains d\u2019entre nous annon\u00e7ons, d\u00e9crivons depuis des ann\u00e9es sont l\u00e0. Nous l\u2019annoncions d\u00e8s 1992, avec Jean-Pierre Chev\u00e8nement lors de la cr\u00e9ation du Mouvement des Citoyens.<\/p><p>Depuis trente ans, vaille que vaille au risque de toutes les stigmatisations, de tous les noms d\u2019oiseaux et parfois des insultes, nous sommes rest\u00e9s fid\u00e8les aux analyses qui sont les n\u00f4tres parce qu\u2019elles s\u2019appuient sur des convictions profondes et une conception de la France, de la Nation, de la d\u00e9mocratie, de la souverainet\u00e9 et de la R\u00e9publique que nous refusons de s\u00e9parer les unes des autres, m\u00eame si nous ne les confondons pas.<\/p><p>Nos mises en garde ne furent pas entendues, nos propositions ne furent pas retenues et la gauche \u00e0 force d\u2019\u00e9pouser le n\u00e9olib\u00e9ralisme sans jamais vraiment le reconna\u00eetre a pr\u00e9f\u00e9r\u00e9 rompre avec le peuple et briser \u00ab<em>les noces de la Nation et de la classe ouvri\u00e8re<\/em>\u00bb voulues par Jean Jaur\u00e8s et se tourner vers les \u00ab<em>minorit\u00e9s<\/em>\u00bb quelles qu\u2019elles fussent plut\u00f4t que de remettre en cause ce qui deviendrait la politique du \u00ab<em>franc fort<\/em>\u00bb et de l\u2019arrimage au Deutch Mark pour faire l\u2019euro au prix de notre industrie.<\/p><h2><b>Les partis politiques sont profond\u00e9ment d\u00e9cr\u00e9dibilis\u00e9s sur fond de disparition de l\u2019oxyg\u00e8ne d\u00e9mocratique car \u00e9limin\u00e9 par la fin de la souverainet\u00e9. <\/b><\/h2><p>L\u2019alignement de la France passait par son alignement europ\u00e9en et atlantiste. L\u2019Union europ\u00e9enne qui \u00e9tait accept\u00e9e par les Fran\u00e7ais tant qu\u2019il s\u2019agissait de faire \u00ab<em>la France en grand<\/em>\u00bb s\u2019est transform\u00e9e en Europe allemande, nous isolant durablement et nous affaiblissant peut-\u00eatre plus encore.<\/p><p>Certes, le \u00ab<em>virage de 1983<\/em>\u00bb pour orienter la France dans le sens des \u00ab<em>vents dominants<\/em>\u00bb du n\u00e9olib\u00e9ralisme, parfaitement d\u00e9crit par Jacques Delors pouvait sembler in\u00e9vitable. Mais avec \u00ab<em>l\u2019acte unique<\/em>\u00bb de 1986 livrant le pays aux mouvements de capitaux puis le Trait\u00e9 de Maastricht (1992) gravant dans l\u2019ADN de l\u2019Union europ\u00e9enne le g\u00e8ne du n\u00e9olib\u00e9ralisme, la gauche ne l\u2019\u00e9tait plus vraiment.<\/p><p>D\u00e8s l\u2019\u00e9lection pr\u00e9sidentielle de 2002 nous avons pu mesurer la fracture et l\u2019attente des Fran\u00e7ais. L\u2019appel de Jean-Pierre Chev\u00e8nement n\u2019est pas rest\u00e9 sans lendemain. Du communiste R\u00e9mi Auched\u00e9 ou Anicet Le Pors \u00e0 l\u2019ancien chef de cabinet du g\u00e9n\u00e9ral de Gaulle, Pierre Lefranc, en passant par les radicaux d\u2019Emile Zuccarelli, 2002 est le signal que la recherche d\u2019une alternative \u00e9tait lanc\u00e9. Il n\u2019y a pas de vision politique qui vaille si elle ne s\u2019inscrit pas dans la compr\u00e9hension des ph\u00e9nom\u00e8nes qui sont \u00e0 l\u2019\u0153uvre et si elle ne s\u2019inscrit pas dans la longue dur\u00e9e.<\/p><p>Le r\u00e9sultat de ces quarante piteuses est politiquement dramatique. Les partis politiques sont profond\u00e9ment d\u00e9cr\u00e9dibilis\u00e9s sur fond de disparition de l\u2019oxyg\u00e8ne d\u00e9mocratique indispensable pour survivre car \u00e9limin\u00e9 par la fin de la souverainet\u00e9, condition de notre libert\u00e9.<\/p><p>Comment articuler la question sociale et la question nationale, comment articuler la question de la la\u00efcit\u00e9 et de la citoyennet\u00e9, c\u0153ur du projet r\u00e9publicain si en r\u00e9alit\u00e9 les conditions m\u00eame du d\u00e9bat et surtout de leurs existences ne sont plus r\u00e9unies?<\/p><h2><b>La d\u00e9sarticulation de la question sociale et de la question nationale sur fond de fin de la souverainet\u00e9 signe la fin de l\u2019id\u00e9e r\u00e9publicaine.<\/b><\/h2><p>Ce qui nous constitue en tant que peuple politique ce sont justement le fait de pouvoir d\u00e9battre de ces questions. C\u2019est cette \u00ab<em>dispute commune<\/em>\u00bb qui nous permet de \u00ab<em>faire France<\/em>\u00bb, de \u00ab<em>faire Nation<\/em>\u00bb. Et c\u2019est aujourd\u2019hui le c\u0153ur m\u00eame de cette possibilit\u00e9 qui est attaqu\u00e9 au plus grand profit de ceux qui en veulent la fin afin de soustraire au peuple son identit\u00e9 politique et sa capacit\u00e9 d\u2019agir sur son avenir, sur son destin.<\/p><p>Des offensives de l\u2019islam politique (qu\u2019on cherche honteusement \u00e0 assimiler aux \u00ab<em>musulmans<\/em>\u00bb), aux minorit\u00e9s agissantes qui remettent en cause la la\u00efcit\u00e9, l\u2019\u00e9galit\u00e9 r\u00e9publicaine, qui cat\u00e9gorisent les citoyens en \u00ab<em>racis\u00e9s<\/em>\u00bb, en genres sexuels, en luttes intersectionnelles, en communaut\u00e9s s\u00e9par\u00e9es les unes des autres, en guerre homme\/femme, dans un pays o\u00f9 les enseignants sont menac\u00e9s, agress\u00e9s, molest\u00e9s et parfois massacr\u00e9s, dans un pays o\u00f9 la violence frappe chaque jour davantage notamment les crimes de sang, alors que c\u2019est la dispute politique qui nous relie les uns aux autres, la crise du politique se transforme in\u00e9vitablement en crise identitaire et culturelle. La guerre de tous contre tous dans un \u00e9tat de tension permanent est consubstantielle \u00e0 la soci\u00e9t\u00e9 n\u00e9olib\u00e9rale.<\/p><p>Ce champ de ruines d\u00e9mocratiques et politiques nous pouvons en mesurer les d\u00e9g\u00e2ts chaque jour qui passe. La d\u00e9sarticulation de la question sociale et de la question nationale sur fond de fin de la souverainet\u00e9 signe la fin de l\u2019id\u00e9e r\u00e9publicaine et constitue la plus belle des victoires de ceux qui veulent mettre un terme au cycle historique et politique ouvert en 1789.<\/p><p>Comme l\u2019a magnifiquement dit Philippe S\u00e9guin, \u00ab<em>Maastricht est litt\u00e9ralement l\u2019antith\u00e8se de 1789<\/em>.\u00bb Il avait lui aussi, compris d\u00e8s 1992 de quoi il s\u2019agissait. Et lui, l\u2019enfant de Tunis, le pupille de la Nation, le fils d\u2019un p\u00e8re mort pour la France en 1944, lui, le gaulliste int\u00e8gre et respect\u00e9, lui l\u2019amoureux de la France et de la R\u00e9publique, ne pouvait accepter ce qui lui semblait inacceptable et qui ressentait, au fond de lui-m\u00eame ce choix comme une trahison. Il faisait partie de ces hommes \u00e0 la recherche de l\u2019alternative politique qui permettrait de refonder la R\u00e9publique. L\u2019\u00e9poque et la mort ne lui en ont pas laiss\u00e9 ni le temps ni la possibilit\u00e9.<\/p><p>Quarante ans plus tard nous en sommes-l\u00e0. L\u2019Union europ\u00e9enne ne parvient pas, parce qu\u2019elle ne peut pas se substituer aux nations qui la composent \u00e0 \u00ab<em>offrir<\/em>\u00bb ou \u00e0 proposer un imaginaire de substitution suffisamment puissant pour forger un \u00ab<em>peuple europ\u00e9en<\/em>\u00bb qui d\u00e9cid\u00e9ment, refuse d\u2019exister. La crise sanitaire ne cesse de la d\u00e9montrer.<\/p><h2><b>L\u2019heure est \u00e0 l\u2019audace et \u00e0 la prise de risque parce que la situation l\u2019exige et que les Fran\u00e7ais le savent alors qu\u2019ils sentent le pays se d\u00e9liter.<\/b><\/h2><p>Or ce cycle n\u00e9olib\u00e9ral ouvert \u00e0 la fin des ann\u00e9es 70 par Margaret Thatcher et Ronald Reagan se termine. C\u2019est d\u00e9sormais \u00e0 une nouvelle perspective politique qu\u2019il nous faut travailler et proposer aux Fran\u00e7ais. Cela ne peut se faire qu\u2019\u00e0 partir d\u2019une compr\u00e9hension pr\u00e9cise de notre \u00e9poque et de la situation dans laquelle nous nous trouvons. \u00ab<em>\u00catre libre c\u2019est avoir l\u2019intelligence de son temps<\/em>\u00bb nous dit Jean-Pierre Chev\u00e8nement, c\u2019est de cela dont il s\u2019agit aujourd\u2019hui.<\/p><p>Cela sous-entend d\u2019avoir d\u00e9sormais la capacit\u00e9 de s\u2019affranchir d\u2019un certain nombre de grilles de lecture qui aujourd\u2019hui nous paralysent, tant \u00e0 \u00ab<em>gauche<\/em>\u00bb qu\u2019\u00e0 \u00ab<em>droite<\/em>\u00bb car les vraies lignes de fractures ont totalement fait voler en \u00e9clats ce qui constituait \u00ab<em>l\u2019ancien monde<\/em>\u00bb. Mais le \u00ab<em>nouveau monde<\/em>\u00bb n\u2019est toujours pas advenu car il n\u00e9cessite un effort consid\u00e9rable de r\u00e9flexion, d\u2019intelligence collective et surtout de courage politique.<\/p><p>L\u2019\u00e9poque n\u2019est pas aux anciens arrangements. Les annonces artificielles d\u2019accords d\u2019appareils politiques ne satisferont que les derniers membres du clerg\u00e9 alors que les croyants (s\u2019il en reste) sont d\u00e9j\u00e0 partis voir ailleurs depuis bien longtemps. D\u2019ailleurs, en fonction de l\u2019\u00e9glise \u00e0 laquelle ils appartiennent ils ne seront d\u2019accord sur rien. Nucl\u00e9aire? Politique \u00e9nerg\u00e9tique et industrielle? Politique \u00e9conomique? Politique des Transports? Politique sanitaire? Politique de relance?<\/p><p>L\u2019heure est \u00e0 l\u2019audace et \u00e0 la prise de risque parce que la situation l\u2019exige et que les Fran\u00e7ais le savent alors qu\u2019ils sentent le pays se d\u00e9liter. L\u2019heure n\u2019est m\u00eame plus au \u00ab<em>front r\u00e9publicain<\/em>\u00bb dont l\u2019id\u00e9e n\u2019int\u00e9resse plus grand monde tant les citoyens ont le sentiment (ont-ils tort?) de s\u2019\u00eatre fait avoir.<\/p><p>Non, l\u2019heure est \u00e0 une refondation r\u00e9publicaine avec celles et ceux qui en auront le courage, la volont\u00e9 et qui auront la capacit\u00e9 d\u2019agir en femmes et en hommes libres afin de reprendre en main le cours de notre destin.<\/p>\t\t\t\t\t\t\t\t<\/div>\n\t\t\t\t<\/div>\n\t\t\t\t\t<\/div>\n\t\t<\/div>\n\t\t\t\t\t<\/div>\n\t\t<\/section>\n\t\t\t\t<\/div>\n\t\t","protected":false},"excerpt":{"rendered":"<p>\u00ab Les Fran\u00e7ais sentent le pays se d\u00e9liter \u00bb FIGAROVOX\/TRIBUNE &#8211; Pour le pr\u00e9sident de l\u2019association \u00abLa nation citoyenne\u00bb, Claude Nicolet, le cycle n\u00e9olib\u00e9ral incarn\u00e9 par l\u2019Union europ\u00e9enne a provoqu\u00e9 une perte de souverainet\u00e9 et &hellip; <\/p>\n","protected":false},"author":2,"featured_media":703,"comment_status":"closed","ping_status":"closed","sticky":false,"template":"","format":"standard","meta":{"footnotes":""},"categories":[8,11,12],"tags":[17],"class_list":["post-705","post","type-post","status-publish","format-standard","has-post-thumbnail","hentry","category-la-republique","category-nos-derniers-articles","category-tribune-libre","tag-delitement"],"_links":{"self":[{"href":"https:\/\/www.lanationcitoyenne.fr\/index.php?rest_route=\/wp\/v2\/posts\/705","targetHints":{"allow":["GET"]}}],"collection":[{"href":"https:\/\/www.lanationcitoyenne.fr\/index.php?rest_route=\/wp\/v2\/posts"}],"about":[{"href":"https:\/\/www.lanationcitoyenne.fr\/index.php?rest_route=\/wp\/v2\/types\/post"}],"author":[{"embeddable":true,"href":"https:\/\/www.lanationcitoyenne.fr\/index.php?rest_route=\/wp\/v2\/users\/2"}],"replies":[{"embeddable":true,"href":"https:\/\/www.lanationcitoyenne.fr\/index.php?rest_route=%2Fwp%2Fv2%2Fcomments&post=705"}],"version-history":[{"count":14,"href":"https:\/\/www.lanationcitoyenne.fr\/index.php?rest_route=\/wp\/v2\/posts\/705\/revisions"}],"predecessor-version":[{"id":719,"href":"https:\/\/www.lanationcitoyenne.fr\/index.php?rest_route=\/wp\/v2\/posts\/705\/revisions\/719"}],"wp:featuredmedia":[{"embeddable":true,"href":"https:\/\/www.lanationcitoyenne.fr\/index.php?rest_route=\/wp\/v2\/media\/703"}],"wp:attachment":[{"href":"https:\/\/www.lanationcitoyenne.fr\/index.php?rest_route=%2Fwp%2Fv2%2Fmedia&parent=705"}],"wp:term":[{"taxonomy":"category","embeddable":true,"href":"https:\/\/www.lanationcitoyenne.fr\/index.php?rest_route=%2Fwp%2Fv2%2Fcategories&post=705"},{"taxonomy":"post_tag","embeddable":true,"href":"https:\/\/www.lanationcitoyenne.fr\/index.php?rest_route=%2Fwp%2Fv2%2Ftags&post=705"}],"curies":[{"name":"wp","href":"https:\/\/api.w.org\/{rel}","templated":true}]}}